{"id":976,"date":"2026-09-05T07:00:04","date_gmt":"2026-09-05T05:00:04","guid":{"rendered":"https:\/\/www.misparkings.com\/blog\/?p=976"},"modified":"2026-09-05T19:34:03","modified_gmt":"2026-09-05T17:34:03","slug":"preguntas-frecuentes-para-aparcar-en-barcelona-en-septiembre","status":"publish","type":"post","link":"https:\/\/www.misparkings.com\/blog\/preguntas-frecuentes-para-aparcar-en-barcelona-en-septiembre\/","title":{"rendered":"Preguntas frecuentes para aparcar en Barcelona en septiembre"},"content":{"rendered":"<p data-path-to-node=\"3\">Septiembre es un mes vibrante en Barcelona: grandes congresos internacionales, d\u00edas festivos con gran tradici\u00f3n y la fiesta mayor por excelencia de la ciudad. Si planeas visitar la Ciudad Condal este mes, te resolvemos las dudas m\u00e1s frecuentes para que no pierdas tiempo ni dinero al buscar aparcamiento.<\/p>\n<h3 data-path-to-node=\"5\">\u00bfVoy al Congreso Anual de la ERS (European Respiratory Society), d\u00f3nde me conviene aparcar?<\/h3>\n<p data-path-to-node=\"6\">El <b data-path-to-node=\"6\" data-index-in-node=\"3\">35\u00ba Congreso Anual de la ERS<\/b>, que re\u00fane a m\u00e1s de 20.000 profesionales de la salud respiratoria (m\u00e9dicos, investigadores y especialistas), generar\u00e1 un elevado flujo de asistentes y transporte alrededor de los recintos de eventos y hoteles principales.<\/p>\n<p data-path-to-node=\"7\">Para evitar dar vueltas buscando sitio o encontrarte con zonas restringidas, lo ideal es reservar tu plaza de parking en el centro o cerca de los nodos de transporte antes de llegar a tu ponencia o reuni\u00f3n.<\/p>\n<h3 data-path-to-node=\"9\">\u00bfC\u00f3mo afecta la Diada (11 de septiembre) al tr\u00e1fico y al aparcamiento?<\/h3>\n<p data-path-to-node=\"10\">El <b data-path-to-node=\"10\" data-index-in-node=\"3\">11 de septiembre (D\u00eda de Catalunya)<\/b> es festivo oficial. Durante toda la jornada se convocan manifestaciones, actos institucionales y desfiles en el centro de Barcelona.<\/p>\n<ul data-path-to-node=\"11\">\n<li>\n<p data-path-to-node=\"11,0,0\"><b data-path-to-node=\"11,0,0\" data-index-in-node=\"0\">Cortes de tr\u00e1fico:<\/b> Varias v\u00edas principales (como Paseo de Gracia, V\u00eda Laietana o Gran Via) sufren restricciones de circulaci\u00f3n.<\/p>\n<\/li>\n<li>\n<p data-path-to-node=\"11,1,0\"><b data-path-to-node=\"11,1,0\" data-index-in-node=\"0\">Consejo de aparcamiento:<\/b> No conf\u00edes en aparcar en la superficie. Te recomendamos dejar el veh\u00edculo resguardado en un parking subterr\u00e1neo fuera de las v\u00edas de manifestaci\u00f3n y moverte a pie o en metro.<\/p>\n<\/li>\n<\/ul>\n<h3 data-path-to-node=\"13\">\u00bfQu\u00e9 debo saber sobre el aparcamiento durante las Fiestas de La Merc\u00e8 2026?<\/h3>\n<p data-path-to-node=\"14\">Las <b data-path-to-node=\"14\" data-index-in-node=\"4\">Festes de La Merc\u00e8<\/b> llenan las calles de m\u00fasica, tradici\u00f3n y espect\u00e1culos. Para moverte sin sobresaltos durante estos d\u00edas clave, ten en cuenta:<\/p>\n<ul data-path-to-node=\"15\">\n<li>\n<p data-path-to-node=\"15,0,0\"><b data-path-to-node=\"15,0,0\" data-index-in-node=\"0\">Conciertos y recintos (F\u00f2rum, Bogatell, Rossell\u00f3, Pl. dels \u00c0ngels):<\/b> Habr\u00e1 gran afluencia de p\u00fablico y zonas peatonales temporales.<\/p>\n<\/li>\n<li>\n<p data-path-to-node=\"15,1,0\"><b data-path-to-node=\"15,1,0\" data-index-in-node=\"0\">Correfocs en V\u00eda Laietana:<\/b> Durante la <i data-path-to-node=\"15,1,0\" data-index-in-node=\"38\">Festa del Foc<\/i>, el tr\u00e1fico rodado en el centro se interrumpe por completo por seguridad ante la pirotecnia.<\/p>\n<\/li>\n<li>\n<p data-path-to-node=\"15,2,0\"><b data-path-to-node=\"15,2,0\" data-index-in-node=\"0\">El d\u00eda grande (Jueves 24 de septiembre):<\/b> La <i data-path-to-node=\"15,2,0\" data-index-in-node=\"44\">Cavalcada de la Merc\u00e8<\/i> colapsa las arterias principales con gigantes y cabezudos.<\/p>\n<\/li>\n<li>\n<p data-path-to-node=\"15,3,0\"><b data-path-to-node=\"15,3,0\" data-index-in-node=\"0\">Espect\u00e1culo Piromusical (Avenida Mar\u00eda Cristina):<\/b> M\u00e1s de 200.000 personas se concentran cerca de la Font M\u00e0gica de Montju\u00efc el \u00faltimo d\u00eda a las 22:00 h. Acceder en coche a la zona de Espa\u00f1a\/Montju\u00efc a \u00faltima hora es pr\u00e1cticamente imposible.<\/p>\n<\/li>\n<\/ul>\n<blockquote data-path-to-node=\"16\">\n<p data-path-to-node=\"16,0\"><b data-path-to-node=\"16,0\" data-index-in-node=\"0\">Tip clave para La Merc\u00e8:<\/b> Aparca con margen de tiempo en un parking vigilado y disfruta de la fiesta sin preocuparte por los cortes de calle o el vandalismo pirot\u00e9cnico.<\/p>\n<\/blockquote>\n<h3 data-path-to-node=\"18\">\u00bfC\u00f3mo me preparo si asisto a la Feria Internacional del Libro (Liber 2026)?<\/h3>\n<p data-path-to-node=\"19\">A finales de septiembre y principios de octubre se celebra la <b data-path-to-node=\"19\" data-index-in-node=\"62\">44\u00aa edici\u00f3n de la Feria Liber<\/b>, la cita profesional m\u00e1s importante de la industria editorial espa\u00f1ola y latinoamericana. Dado que atrae a miles de editores, distribuidores, autores y libreros, la demanda de estacionamiento en el entorno ferial aumenta dr\u00e1sticamente. Reservar plaza con antelaci\u00f3n es crucial para llegar puntual a tus citas de negocio.<\/p>\n<h3 data-path-to-node=\"21\">\u00bfCu\u00e1l es la forma m\u00e1s f\u00e1cil y barata de aparcar en Barcelona este mes?<\/h3>\n<p data-path-to-node=\"22\">Aparcar en la v\u00eda p\u00fablica en Barcelona mediante zona azul o verde suele estar muy limitado en tiempo y resultarte costoso.<\/p>\n<p data-path-to-node=\"23\">En <b data-path-to-node=\"23\" data-index-in-node=\"3\"><a class=\"ng-star-inserted\" href=\"https:\/\/www.misparkings.com\/parkings\/barcelona\" target=\"_blank\" rel=\"noopener\" data-hveid=\"0\" data-ved=\"0CAAQ_4QMahgKEwjOjdOj-ceWAxUAAAAAHQAAAAAQpgE\">misparkings.com<\/a><\/b> ponemos a tu disposici\u00f3n <b data-path-to-node=\"23\" data-index-in-node=\"44\">33 parkings repartidos estrat\u00e9gicamente por toda la ciudad<\/b>.<\/p>\n<p data-path-to-node=\"24\">Si <b data-path-to-node=\"24\" data-index-in-node=\"3\">reservas con antelaci\u00f3n<\/b> a trav\u00e9s de nuestra web, no solo te garantizas una plaza esper\u00e1ndote al llegar a tu evento o fiesta, sino que adem\u00e1s obtendr\u00e1s <b data-path-to-node=\"24\" data-index-in-node=\"154\">el precio m\u00e1s econ\u00f3mico de la zona<\/b>.<\/p>\n<p data-path-to-node=\"25\">\u00a1No dejes tu plaza para el \u00faltimo momento! <b data-path-to-node=\"25\" data-index-in-node=\"43\"><a class=\"ng-star-inserted\" href=\"https:\/\/www.misparkings.com\/parkings\/barcelona\" target=\"_blank\" rel=\"noopener\" data-hveid=\"0\" data-ved=\"0CAAQ_4QMahgKEwjOjdOj-ceWAxUAAAAAHQAAAAAQpwE\"><span style=\"color: #0000ff;\">Reserva aqu\u00ed tu parking en Barcelona con misparkings.com<\/span><\/a><\/b> y disfruta de septiembre en la ciudad sin complicaciones.<\/p>\n","protected":false},"excerpt":{"rendered":"<p>Septiembre es un mes vibrante en Barcelona: grandes congresos internacionales, d\u00edas festivos con gran tradici\u00f3n y la fiesta mayor por excelencia de la ciudad. Si&#8230;<\/p>\n","protected":false},"author":3,"featured_media":984,"comment_status":"open","ping_status":"open","sticky":false,"template":"","format":"standard","meta":{"footnotes":""},"categories":[9],"tags":[7,104],"class_list":["post-976","post","type-post","status-publish","format-standard","has-post-thumbnail","hentry","category-barcelona","tag-barcelona","tag-zbe-barcelona"],"yoast_head":"<!-- This site is optimized with the Yoast SEO plugin v27.8 - https:\/\/yoast.com\/product\/yoast-seo-wordpress\/ -->\n<title>Aparcar en Barcelona en Septiembre: Gu\u00eda y Parking Barato<\/title>\n<meta name=\"description\" content=\"\u00bfViajas a Barcelona en septiembre? Descubre d\u00f3nde aparcar durante La Merc\u00e8, la Diada o la ERS. Reserva tu plaza al mejor precio\" \/>\n<meta name=\"robots\" content=\"index, follow, max-snippet:-1, max-image-preview:large, max-video-preview:-1\" \/>\n<link rel=\"canonical\" href=\"https:\/\/www.misparkings.com\/blog\/preguntas-frecuentes-para-aparcar-en-barcelona-en-septiembre\/\" \/>\n<meta property=\"og:locale\" content=\"es_ES\" \/>\n<meta property=\"og:type\" content=\"article\" \/>\n<meta property=\"og:title\" content=\"Aparcar en Barcelona en Septiembre: Gu\u00eda y Parking Barato\" \/>\n<meta property=\"og:description\" content=\"\u00bfViajas a Barcelona en septiembre? Descubre d\u00f3nde aparcar durante La Merc\u00e8, la Diada o la ERS. Reserva tu plaza al mejor precio\" \/>\n<meta property=\"og:url\" content=\"https:\/\/www.misparkings.com\/blog\/preguntas-frecuentes-para-aparcar-en-barcelona-en-septiembre\/\" \/>\n<meta property=\"og:site_name\" content=\"MisParkings | Blog de informaci\u00f3n y noticias del sector\" \/>\n<meta property=\"article:publisher\" content=\"https:\/\/www.facebook.com\/Parkapp-398370470275939\/\" \/>\n<meta property=\"article:published_time\" content=\"2026-09-05T05:00:04+00:00\" \/>\n<meta property=\"article:modified_time\" content=\"2026-09-05T17:34:03+00:00\" \/>\n<meta property=\"og:image\" content=\"https:\/\/www.misparkings.com\/blog\/wp-content\/uploads\/2026\/09\/RIXGFBP.jpg\" \/>\n\t<meta property=\"og:image:width\" content=\"1408\" \/>\n\t<meta property=\"og:image:height\" content=\"768\" \/>\n\t<meta property=\"og:image:type\" content=\"image\/jpeg\" \/>\n<meta name=\"author\" content=\"Tuparkingonline\" \/>\n<meta name=\"twitter:label1\" content=\"Written by\" \/>\n\t<meta name=\"twitter:data1\" content=\"Tuparkingonline\" \/>\n\t<meta name=\"twitter:label2\" content=\"Est. reading time\" \/>\n\t<meta name=\"twitter:data2\" content=\"3 minutos\" \/>\n<script type=\"application\/ld+json\" class=\"yoast-schema-graph\">{\"@context\":\"https:\\\/\\\/schema.org\",\"@graph\":[{\"@type\":\"Article\",\"@id\":\"https:\\\/\\\/www.misparkings.com\\\/blog\\\/preguntas-frecuentes-para-aparcar-en-barcelona-en-septiembre\\\/#article\",\"isPartOf\":{\"@id\":\"https:\\\/\\\/www.misparkings.com\\\/blog\\\/preguntas-frecuentes-para-aparcar-en-barcelona-en-septiembre\\\/\"},\"author\":{\"name\":\"Tuparkingonline\",\"@id\":\"https:\\\/\\\/www.misparkings.com\\\/blog\\\/#\\\/schema\\\/person\\\/e9a164dac93e48d3905d1754e29bd7bc\"},\"headline\":\"Preguntas frecuentes para aparcar en Barcelona en septiembre\",\"datePublished\":\"2026-09-05T05:00:04+00:00\",\"dateModified\":\"2026-09-05T17:34:03+00:00\",\"mainEntityOfPage\":{\"@id\":\"https:\\\/\\\/www.misparkings.com\\\/blog\\\/preguntas-frecuentes-para-aparcar-en-barcelona-en-septiembre\\\/\"},\"wordCount\":640,\"commentCount\":0,\"image\":{\"@id\":\"https:\\\/\\\/www.misparkings.com\\\/blog\\\/preguntas-frecuentes-para-aparcar-en-barcelona-en-septiembre\\\/#primaryimage\"},\"thumbnailUrl\":\"https:\\\/\\\/www.misparkings.com\\\/blog\\\/wp-content\\\/uploads\\\/2026\\\/09\\\/RIXGFBP.jpg\",\"keywords\":[\"Barcelona\",\"ZBE Barcelona\"],\"articleSection\":[\"Barcelona\"],\"inLanguage\":\"es\",\"potentialAction\":[{\"@type\":\"CommentAction\",\"name\":\"Comment\",\"target\":[\"https:\\\/\\\/www.misparkings.com\\\/blog\\\/preguntas-frecuentes-para-aparcar-en-barcelona-en-septiembre\\\/#respond\"]}]},{\"@type\":\"WebPage\",\"@id\":\"https:\\\/\\\/www.misparkings.com\\\/blog\\\/preguntas-frecuentes-para-aparcar-en-barcelona-en-septiembre\\\/\",\"url\":\"https:\\\/\\\/www.misparkings.com\\\/blog\\\/preguntas-frecuentes-para-aparcar-en-barcelona-en-septiembre\\\/\",\"name\":\"Aparcar en Barcelona en Septiembre: Gu\u00eda y Parking Barato\",\"isPartOf\":{\"@id\":\"https:\\\/\\\/www.misparkings.com\\\/blog\\\/#website\"},\"primaryImageOfPage\":{\"@id\":\"https:\\\/\\\/www.misparkings.com\\\/blog\\\/preguntas-frecuentes-para-aparcar-en-barcelona-en-septiembre\\\/#primaryimage\"},\"image\":{\"@id\":\"https:\\\/\\\/www.misparkings.com\\\/blog\\\/preguntas-frecuentes-para-aparcar-en-barcelona-en-septiembre\\\/#primaryimage\"},\"thumbnailUrl\":\"https:\\\/\\\/www.misparkings.com\\\/blog\\\/wp-content\\\/uploads\\\/2026\\\/09\\\/RIXGFBP.jpg\",\"datePublished\":\"2026-09-05T05:00:04+00:00\",\"dateModified\":\"2026-09-05T17:34:03+00:00\",\"author\":{\"@id\":\"https:\\\/\\\/www.misparkings.com\\\/blog\\\/#\\\/schema\\\/person\\\/e9a164dac93e48d3905d1754e29bd7bc\"},\"description\":\"\u00bfViajas a Barcelona en septiembre? Descubre d\u00f3nde aparcar durante La Merc\u00e8, la Diada o la ERS. Reserva tu plaza al mejor precio\",\"breadcrumb\":{\"@id\":\"https:\\\/\\\/www.misparkings.com\\\/blog\\\/preguntas-frecuentes-para-aparcar-en-barcelona-en-septiembre\\\/#breadcrumb\"},\"inLanguage\":\"es\",\"potentialAction\":[{\"@type\":\"ReadAction\",\"target\":[\"https:\\\/\\\/www.misparkings.com\\\/blog\\\/preguntas-frecuentes-para-aparcar-en-barcelona-en-septiembre\\\/\"]}]},{\"@type\":\"ImageObject\",\"inLanguage\":\"es\",\"@id\":\"https:\\\/\\\/www.misparkings.com\\\/blog\\\/preguntas-frecuentes-para-aparcar-en-barcelona-en-septiembre\\\/#primaryimage\",\"url\":\"https:\\\/\\\/www.misparkings.com\\\/blog\\\/wp-content\\\/uploads\\\/2026\\\/09\\\/RIXGFBP.jpg\",\"contentUrl\":\"https:\\\/\\\/www.misparkings.com\\\/blog\\\/wp-content\\\/uploads\\\/2026\\\/09\\\/RIXGFBP.jpg\",\"width\":1408,\"height\":768},{\"@type\":\"BreadcrumbList\",\"@id\":\"https:\\\/\\\/www.misparkings.com\\\/blog\\\/preguntas-frecuentes-para-aparcar-en-barcelona-en-septiembre\\\/#breadcrumb\",\"itemListElement\":[{\"@type\":\"ListItem\",\"position\":1,\"name\":\"Portada\",\"item\":\"https:\\\/\\\/www.misparkings.com\\\/blog\\\/\"},{\"@type\":\"ListItem\",\"position\":2,\"name\":\"Preguntas frecuentes para aparcar en Barcelona en septiembre\"}]},{\"@type\":\"WebSite\",\"@id\":\"https:\\\/\\\/www.misparkings.com\\\/blog\\\/#website\",\"url\":\"https:\\\/\\\/www.misparkings.com\\\/blog\\\/\",\"name\":\"MisParkings | Blog de informaci\u00f3n y noticias del sector\",\"description\":\"MisParkings I Reserva parking online en m\u00e1s de 90 ciudades de Espa\u00f1a con 70% de descuento.\",\"potentialAction\":[{\"@type\":\"SearchAction\",\"target\":{\"@type\":\"EntryPoint\",\"urlTemplate\":\"https:\\\/\\\/www.misparkings.com\\\/blog\\\/?s={search_term_string}\"},\"query-input\":{\"@type\":\"PropertyValueSpecification\",\"valueRequired\":true,\"valueName\":\"search_term_string\"}}],\"inLanguage\":\"es\"},{\"@type\":\"Person\",\"@id\":\"https:\\\/\\\/www.misparkings.com\\\/blog\\\/#\\\/schema\\\/person\\\/e9a164dac93e48d3905d1754e29bd7bc\",\"name\":\"Tuparkingonline\",\"image\":{\"@type\":\"ImageObject\",\"inLanguage\":\"es\",\"@id\":\"https:\\\/\\\/secure.gravatar.com\\\/avatar\\\/24038cdda565cb0b70166ebae6b355bee674a585aecdd4d2f6feff2d6d455e0e?s=96&d=mm&r=g\",\"url\":\"https:\\\/\\\/secure.gravatar.com\\\/avatar\\\/24038cdda565cb0b70166ebae6b355bee674a585aecdd4d2f6feff2d6d455e0e?s=96&d=mm&r=g\",\"contentUrl\":\"https:\\\/\\\/secure.gravatar.com\\\/avatar\\\/24038cdda565cb0b70166ebae6b355bee674a585aecdd4d2f6feff2d6d455e0e?s=96&d=mm&r=g\",\"caption\":\"Tuparkingonline\"},\"url\":\"https:\\\/\\\/www.misparkings.com\\\/blog\\\/author\\\/Tuparkingonline\\\/\"}]}<\/script>\n<!-- \/ Yoast SEO plugin. -->","yoast_head_json":{"title":"Aparcar en Barcelona en Septiembre: Gu\u00eda y Parking Barato","description":"\u00bfViajas a Barcelona en septiembre? Descubre d\u00f3nde aparcar durante La Merc\u00e8, la Diada o la ERS. Reserva tu plaza al mejor precio","robots":{"index":"index","follow":"follow","max-snippet":"max-snippet:-1","max-image-preview":"max-image-preview:large","max-video-preview":"max-video-preview:-1"},"canonical":"https:\/\/www.misparkings.com\/blog\/preguntas-frecuentes-para-aparcar-en-barcelona-en-septiembre\/","og_locale":"es_ES","og_type":"article","og_title":"Aparcar en Barcelona en Septiembre: Gu\u00eda y Parking Barato","og_description":"\u00bfViajas a Barcelona en septiembre? Descubre d\u00f3nde aparcar durante La Merc\u00e8, la Diada o la ERS. Reserva tu plaza al mejor precio","og_url":"https:\/\/www.misparkings.com\/blog\/preguntas-frecuentes-para-aparcar-en-barcelona-en-septiembre\/","og_site_name":"MisParkings | Blog de informaci\u00f3n y noticias del sector","article_publisher":"https:\/\/www.facebook.com\/Parkapp-398370470275939\/","article_published_time":"2026-09-05T05:00:04+00:00","article_modified_time":"2026-09-05T17:34:03+00:00","og_image":[{"width":1408,"height":768,"url":"https:\/\/www.misparkings.com\/blog\/wp-content\/uploads\/2026\/09\/RIXGFBP.jpg","type":"image\/jpeg"}],"author":"Tuparkingonline","twitter_misc":{"Written by":"Tuparkingonline","Est. reading time":"3 minutos"},"schema":{"@context":"https:\/\/schema.org","@graph":[{"@type":"Article","@id":"https:\/\/www.misparkings.com\/blog\/preguntas-frecuentes-para-aparcar-en-barcelona-en-septiembre\/#article","isPartOf":{"@id":"https:\/\/www.misparkings.com\/blog\/preguntas-frecuentes-para-aparcar-en-barcelona-en-septiembre\/"},"author":{"name":"Tuparkingonline","@id":"https:\/\/www.misparkings.com\/blog\/#\/schema\/person\/e9a164dac93e48d3905d1754e29bd7bc"},"headline":"Preguntas frecuentes para aparcar en Barcelona en septiembre","datePublished":"2026-09-05T05:00:04+00:00","dateModified":"2026-09-05T17:34:03+00:00","mainEntityOfPage":{"@id":"https:\/\/www.misparkings.com\/blog\/preguntas-frecuentes-para-aparcar-en-barcelona-en-septiembre\/"},"wordCount":640,"commentCount":0,"image":{"@id":"https:\/\/www.misparkings.com\/blog\/preguntas-frecuentes-para-aparcar-en-barcelona-en-septiembre\/#primaryimage"},"thumbnailUrl":"https:\/\/www.misparkings.com\/blog\/wp-content\/uploads\/2026\/09\/RIXGFBP.jpg","keywords":["Barcelona","ZBE Barcelona"],"articleSection":["Barcelona"],"inLanguage":"es","potentialAction":[{"@type":"CommentAction","name":"Comment","target":["https:\/\/www.misparkings.com\/blog\/preguntas-frecuentes-para-aparcar-en-barcelona-en-septiembre\/#respond"]}]},{"@type":"WebPage","@id":"https:\/\/www.misparkings.com\/blog\/preguntas-frecuentes-para-aparcar-en-barcelona-en-septiembre\/","url":"https:\/\/www.misparkings.com\/blog\/preguntas-frecuentes-para-aparcar-en-barcelona-en-septiembre\/","name":"Aparcar en Barcelona en Septiembre: Gu\u00eda y Parking Barato","isPartOf":{"@id":"https:\/\/www.misparkings.com\/blog\/#website"},"primaryImageOfPage":{"@id":"https:\/\/www.misparkings.com\/blog\/preguntas-frecuentes-para-aparcar-en-barcelona-en-septiembre\/#primaryimage"},"image":{"@id":"https:\/\/www.misparkings.com\/blog\/preguntas-frecuentes-para-aparcar-en-barcelona-en-septiembre\/#primaryimage"},"thumbnailUrl":"https:\/\/www.misparkings.com\/blog\/wp-content\/uploads\/2026\/09\/RIXGFBP.jpg","datePublished":"2026-09-05T05:00:04+00:00","dateModified":"2026-09-05T17:34:03+00:00","author":{"@id":"https:\/\/www.misparkings.com\/blog\/#\/schema\/person\/e9a164dac93e48d3905d1754e29bd7bc"},"description":"\u00bfViajas a Barcelona en septiembre? Descubre d\u00f3nde aparcar durante La Merc\u00e8, la Diada o la ERS. Reserva tu plaza al mejor precio","breadcrumb":{"@id":"https:\/\/www.misparkings.com\/blog\/preguntas-frecuentes-para-aparcar-en-barcelona-en-septiembre\/#breadcrumb"},"inLanguage":"es","potentialAction":[{"@type":"ReadAction","target":["https:\/\/www.misparkings.com\/blog\/preguntas-frecuentes-para-aparcar-en-barcelona-en-septiembre\/"]}]},{"@type":"ImageObject","inLanguage":"es","@id":"https:\/\/www.misparkings.com\/blog\/preguntas-frecuentes-para-aparcar-en-barcelona-en-septiembre\/#primaryimage","url":"https:\/\/www.misparkings.com\/blog\/wp-content\/uploads\/2026\/09\/RIXGFBP.jpg","contentUrl":"https:\/\/www.misparkings.com\/blog\/wp-content\/uploads\/2026\/09\/RIXGFBP.jpg","width":1408,"height":768},{"@type":"BreadcrumbList","@id":"https:\/\/www.misparkings.com\/blog\/preguntas-frecuentes-para-aparcar-en-barcelona-en-septiembre\/#breadcrumb","itemListElement":[{"@type":"ListItem","position":1,"name":"Portada","item":"https:\/\/www.misparkings.com\/blog\/"},{"@type":"ListItem","position":2,"name":"Preguntas frecuentes para aparcar en Barcelona en septiembre"}]},{"@type":"WebSite","@id":"https:\/\/www.misparkings.com\/blog\/#website","url":"https:\/\/www.misparkings.com\/blog\/","name":"MisParkings | Blog de informaci\u00f3n y noticias del sector","description":"MisParkings I Reserva parking online en m\u00e1s de 90 ciudades de Espa\u00f1a con 70% de descuento.","potentialAction":[{"@type":"SearchAction","target":{"@type":"EntryPoint","urlTemplate":"https:\/\/www.misparkings.com\/blog\/?s={search_term_string}"},"query-input":{"@type":"PropertyValueSpecification","valueRequired":true,"valueName":"search_term_string"}}],"inLanguage":"es"},{"@type":"Person","@id":"https:\/\/www.misparkings.com\/blog\/#\/schema\/person\/e9a164dac93e48d3905d1754e29bd7bc","name":"Tuparkingonline","image":{"@type":"ImageObject","inLanguage":"es","@id":"https:\/\/secure.gravatar.com\/avatar\/24038cdda565cb0b70166ebae6b355bee674a585aecdd4d2f6feff2d6d455e0e?s=96&d=mm&r=g","url":"https:\/\/secure.gravatar.com\/avatar\/24038cdda565cb0b70166ebae6b355bee674a585aecdd4d2f6feff2d6d455e0e?s=96&d=mm&r=g","contentUrl":"https:\/\/secure.gravatar.com\/avatar\/24038cdda565cb0b70166ebae6b355bee674a585aecdd4d2f6feff2d6d455e0e?s=96&d=mm&r=g","caption":"Tuparkingonline"},"url":"https:\/\/www.misparkings.com\/blog\/author\/Tuparkingonline\/"}]}},"_links":{"self":[{"href":"https:\/\/www.misparkings.com\/blog\/wp-json\/wp\/v2\/posts\/976","targetHints":{"allow":["GET"]}}],"collection":[{"href":"https:\/\/www.misparkings.com\/blog\/wp-json\/wp\/v2\/posts"}],"about":[{"href":"https:\/\/www.misparkings.com\/blog\/wp-json\/wp\/v2\/types\/post"}],"author":[{"embeddable":true,"href":"https:\/\/www.misparkings.com\/blog\/wp-json\/wp\/v2\/users\/3"}],"replies":[{"embeddable":true,"href":"https:\/\/www.misparkings.com\/blog\/wp-json\/wp\/v2\/comments?post=976"}],"version-history":[{"count":3,"href":"https:\/\/www.misparkings.com\/blog\/wp-json\/wp\/v2\/posts\/976\/revisions"}],"predecessor-version":[{"id":979,"href":"https:\/\/www.misparkings.com\/blog\/wp-json\/wp\/v2\/posts\/976\/revisions\/979"}],"wp:featuredmedia":[{"embeddable":true,"href":"https:\/\/www.misparkings.com\/blog\/wp-json\/wp\/v2\/media\/984"}],"wp:attachment":[{"href":"https:\/\/www.misparkings.com\/blog\/wp-json\/wp\/v2\/media?parent=976"}],"wp:term":[{"taxonomy":"category","embeddable":true,"href":"https:\/\/www.misparkings.com\/blog\/wp-json\/wp\/v2\/categories?post=976"},{"taxonomy":"post_tag","embeddable":true,"href":"https:\/\/www.misparkings.com\/blog\/wp-json\/wp\/v2\/tags?post=976"}],"curies":[{"name":"wp","href":"https:\/\/api.w.org\/{rel}","templated":true}]}}